{"id":6150,"date":"2022-03-30T15:31:14","date_gmt":"2022-03-30T13:31:14","guid":{"rendered":"https:\/\/summecosmetics.es\/?p=6150"},"modified":"2025-04-29T15:22:03","modified_gmt":"2025-04-29T13:22:03","slug":"inundamos-de-color-esta-primavera","status":"publish","type":"post","link":"https:\/\/summecosmetics.es\/es\/inundamos-de-color-esta-primavera\/","title":{"rendered":"INUNDAMOS DE COLOR ESTA PRIMAVERA"},"content":{"rendered":"<p>La piel, a veces un poco descuidada durante la estaci\u00f3n que dejamos, ha hecho frente a un clima adverso (fr\u00edo, lluvia, viento, nieve, \u2026) que le ha dejado huella. Y ahora est\u00e1 pidiendo a gritos renacer, volver a florecer con su m\u00e1ximo esplendor, como todo a su alrededor.<\/p>\n<p><strong>QUEREMOS LUCIR NUESTRA MEJOR CARA<br \/>\n<\/strong>Y para conseguirlo summecosmetics te propone cuatro PACKS D\u00daO con la selecci\u00f3n de nuestras mejores rutinas HomeCare.<\/p>\n<p>\u00a1Elige tu pack!<\/p>\n<p>&nbsp;<\/p>\n<p><img decoding=\"async\" class=\"alignnone size-full wp-image-6153\" src=\"https:\/\/summecosmetics.es\/wp-content\/uploads\/2022\/03\/pack-glaciar.jpg\" alt=\"\" width=\"800\" height=\"418\" srcset=\"https:\/\/summecosmetics.es\/wp-content\/uploads\/2022\/03\/pack-glaciar.jpg 800w, https:\/\/summecosmetics.es\/wp-content\/uploads\/2022\/03\/pack-glaciar-480x251.jpg 480w, https:\/\/summecosmetics.es\/wp-content\/uploads\/2022\/03\/pack-glaciar-768x401.jpg 768w, https:\/\/summecosmetics.es\/wp-content\/uploads\/2022\/03\/pack-glaciar-600x314.jpg 600w\" sizes=\"(max-width: 800px) 100vw, 800px\" \/><\/p>\n<p><strong>GLACIAR HIDRATACI\u00d3N INTENSA<br \/>\n<\/strong><a href=\"https:\/\/summecosmetics.es\/es\/es\/producto\/glaciar-hydro-repairer-serum\/\">HYDRO-REPAIRER SERUM 30ml<\/a>, s\u00e9rum facial reparador que estimula y reestablece los mecanismos de autohidrataci\u00f3n de la piel, y <a href=\"https:\/\/summecosmetics.es\/es\/es\/producto\/glaciar-hydration-gel-cream\/\">GLACIAR HYDRATION GEL-CREAM 50ml<\/a> o <a href=\"https:\/\/summecosmetics.es\/es\/es\/producto\/glaciar-hydration-cream\/\">GLACIAR +HYDRATION CREAM 50ml<\/a>, crema facial hidratante que preserva la calidad d\u00e9rmica de la piel por m\u00e1s tiempo restaurando la barrera lip\u00eddica natural.<\/p>\n<p>&nbsp;<\/p>\n<p><img decoding=\"async\" class=\"alignnone size-full wp-image-6151\" src=\"https:\/\/summecosmetics.es\/wp-content\/uploads\/2022\/03\/pack-cell-c.jpg\" alt=\"\" width=\"800\" height=\"418\" srcset=\"https:\/\/summecosmetics.es\/wp-content\/uploads\/2022\/03\/pack-cell-c.jpg 800w, https:\/\/summecosmetics.es\/wp-content\/uploads\/2022\/03\/pack-cell-c-480x251.jpg 480w, https:\/\/summecosmetics.es\/wp-content\/uploads\/2022\/03\/pack-cell-c-768x401.jpg 768w, https:\/\/summecosmetics.es\/wp-content\/uploads\/2022\/03\/pack-cell-c-600x314.jpg 600w\" sizes=\"(max-width: 800px) 100vw, 800px\" \/><\/p>\n<p><strong>CELL C FRENTE A LOS RADICALES LIBRES<br \/>\n<\/strong><a href=\"https:\/\/summecosmetics.es\/es\/es\/producto\/cell-c-renewall-serum\/\">CELL C RENEWALL SERUM 30ml<\/a>, s\u00e9rum facial renovador que mejora la topograf\u00eda general cut\u00e1nea en los estratos m\u00e1s superficiales de la piel reduciendo los primeros signos de envejecimiento y pigmentaci\u00f3n, y <a href=\"https:\/\/summecosmetics.es\/es\/es\/producto\/cell-c-antiage-cream\/\">CELL C ANTIAGE CREAM 50ml<\/a>, crema facial hidronutritiva preventiva y de tratamiento antiedad que ralentiza el proceso de envejecimiento y favorece el efecto antioxidante aportando luminosidad y homogeneidad de tono.<\/p>\n<p>&nbsp;<\/p>\n<p><img decoding=\"async\" class=\"alignnone size-full wp-image-6155\" src=\"https:\/\/summecosmetics.es\/wp-content\/uploads\/2022\/03\/pack-beclarity.jpg\" alt=\"\" width=\"800\" height=\"418\" srcset=\"https:\/\/summecosmetics.es\/wp-content\/uploads\/2022\/03\/pack-beclarity.jpg 800w, https:\/\/summecosmetics.es\/wp-content\/uploads\/2022\/03\/pack-beclarity-480x251.jpg 480w, https:\/\/summecosmetics.es\/wp-content\/uploads\/2022\/03\/pack-beclarity-768x401.jpg 768w, https:\/\/summecosmetics.es\/wp-content\/uploads\/2022\/03\/pack-beclarity-600x314.jpg 600w\" sizes=\"(max-width: 800px) 100vw, 800px\" \/><\/p>\n<p><strong>BECLARITY LIBRE DE IMPERFECCIONES<br \/>\n<\/strong><a href=\"https:\/\/summecosmetics.es\/es\/es\/producto\/beclarity-blemish-corrector-serum\/\">BLEMISH CORRECTOR SERUM 30ml<\/a>, s\u00e9rum facial despigmentante que corrige la producci\u00f3n de melanina reduciendo la aparici\u00f3n de las manchas y zonas oscuras, y <a href=\"https:\/\/summecosmetics.es\/es\/es\/producto\/beclarity-blemish-controller-cream-spf50\/\">BLEMISH CONTROLLER CREAM spf50 50ml<\/a>, crema facial blanqueante que act\u00faa sobre la falta de uniformidad del tono cut\u00e1neo devolviendo a la piel un aspecto m\u00e1s luminoso y radiante.<\/p>\n<p>&nbsp;<\/p>\n<p><img decoding=\"async\" class=\"alignnone size-full wp-image-6157\" src=\"https:\/\/summecosmetics.es\/wp-content\/uploads\/2022\/03\/pack-de\u00b7pollution.jpg\" alt=\"\" width=\"800\" height=\"418\" srcset=\"https:\/\/summecosmetics.es\/wp-content\/uploads\/2022\/03\/pack-de\u00b7pollution.jpg 800w, https:\/\/summecosmetics.es\/wp-content\/uploads\/2022\/03\/pack-de\u00b7pollution-480x251.jpg 480w, https:\/\/summecosmetics.es\/wp-content\/uploads\/2022\/03\/pack-de\u00b7pollution-768x401.jpg 768w, https:\/\/summecosmetics.es\/wp-content\/uploads\/2022\/03\/pack-de\u00b7pollution-600x314.jpg 600w\" sizes=\"(max-width: 800px) 100vw, 800px\" \/><\/p>\n<p><strong>DE\u00b7POLLUTION DEFENSA Y REPARACI\u00d3N ANTE LA CONTAMINACI\u00d3N AMBIENTAL<br \/>\n<\/strong><a href=\"https:\/\/summecosmetics.es\/es\/es\/producto\/de%c2%b7tox-pollution-serum-superfood\/\">DE\u00b7TOX POLLUTION SERUM-SUPERFOOD 30ml,<\/a> s\u00e9rum facial regenerador de formulaci\u00f3n prebi\u00f3tica que reprograma los biomarcadores celulares de juventud para reequilibrar la microbiota cut\u00e1nea desechando los excesos y neutralizando el estr\u00e9s oxidativo, y <a href=\"https:\/\/summecosmetics.es\/es\/es\/producto\/de%c2%b7tox-pollution-cream-superfood\/\">DE\u00b7TOX POLLUTION CREAM-SUPERFOOD 50ml<\/a>, crema facial oxigenante de formulaci\u00f3n prebi\u00f3tica que trabaja durante la noche recargando de energ\u00eda renovada los biomarcadores celulares de juventud para reactivar sus procesos tisulares prolongando su longevidad.<\/p>\n<p>Los encontrar\u00e1s en tu centro summecosmetics m\u00e1s cercano.<\/p>\n","protected":false},"excerpt":{"rendered":"<p>Atr\u00e1s quedan los d\u00edas grises del invierno que ya queremos olvidar y sentimos como entra con fuerza un estallido de color que lo inunda todo. WOW!!! ES LA PRIMAVERA!!!<\/p>\n","protected":false},"author":3,"featured_media":6169,"comment_status":"closed","ping_status":"closed","sticky":false,"template":"","format":"standard","meta":{"_acf_changed":false,"inline_featured_image":false,"footnotes":""},"categories":[245],"tags":[],"class_list":["post-6150","post","type-post","status-publish","format-standard","has-post-thumbnail","hentry","category-news"],"acf":[],"yoast_head":"<!-- This site is optimized with the Yoast SEO plugin v26.3 - https:\/\/yoast.com\/wordpress\/plugins\/seo\/ -->\n<title>INUNDAMOS DE COLOR ESTA PRIMAVERA - Summecosmetics<\/title>\n<meta name=\"robots\" content=\"index, follow, max-snippet:-1, max-image-preview:large, max-video-preview:-1\" \/>\n<link rel=\"canonical\" href=\"https:\/\/summecosmetics.es\/es\/inundamos-de-color-esta-primavera\/\" \/>\n<meta property=\"og:locale\" content=\"es_ES\" \/>\n<meta property=\"og:type\" content=\"article\" \/>\n<meta property=\"og:title\" content=\"INUNDAMOS DE COLOR ESTA PRIMAVERA - Summecosmetics\" \/>\n<meta property=\"og:description\" content=\"Atr\u00e1s quedan los d\u00edas grises del invierno que ya queremos olvidar y sentimos como entra con fuerza un estallido de color que lo inunda todo. WOW!!! ES LA PRIMAVERA!!!\" \/>\n<meta property=\"og:url\" content=\"https:\/\/summecosmetics.es\/es\/inundamos-de-color-esta-primavera\/\" \/>\n<meta property=\"og:site_name\" content=\"Summecosmetics\" \/>\n<meta property=\"article:publisher\" content=\"https:\/\/www.facebook.com\/summecosmetics\/\" \/>\n<meta property=\"article:published_time\" content=\"2022-03-30T13:31:14+00:00\" \/>\n<meta property=\"article:modified_time\" content=\"2025-04-29T13:22:03+00:00\" \/>\n<meta property=\"og:image\" content=\"https:\/\/summecosmetics.es\/wp-content\/uploads\/2022\/03\/primavera-1.jpg\" \/>\n\t<meta property=\"og:image:width\" content=\"800\" \/>\n\t<meta property=\"og:image:height\" content=\"418\" \/>\n\t<meta property=\"og:image:type\" content=\"image\/jpeg\" \/>\n<meta name=\"author\" content=\"summecosmetics\" \/>\n<meta name=\"twitter:card\" content=\"summary_large_image\" \/>\n<meta name=\"twitter:creator\" content=\"@e-tecnia\" \/>\n<meta name=\"twitter:label1\" content=\"Escrito por\" \/>\n\t<meta name=\"twitter:data1\" content=\"summecosmetics\" \/>\n\t<meta name=\"twitter:label2\" content=\"Tiempo de lectura\" \/>\n\t<meta name=\"twitter:data2\" content=\"2 minutos\" \/>\n<script type=\"application\/ld+json\" class=\"yoast-schema-graph\">{\"@context\":\"https:\/\/schema.org\",\"@graph\":[{\"@type\":\"Article\",\"@id\":\"https:\/\/summecosmetics.es\/es\/inundamos-de-color-esta-primavera\/#article\",\"isPartOf\":{\"@id\":\"https:\/\/summecosmetics.es\/es\/inundamos-de-color-esta-primavera\/\"},\"author\":{\"name\":\"summecosmetics\",\"@id\":\"https:\/\/summecosmetics.es\/es\/#\/schema\/person\/d3562d5c1d74deb69f7ca5c606265553\"},\"headline\":\"INUNDAMOS DE COLOR ESTA PRIMAVERA\",\"datePublished\":\"2022-03-30T13:31:14+00:00\",\"dateModified\":\"2025-04-29T13:22:03+00:00\",\"mainEntityOfPage\":{\"@id\":\"https:\/\/summecosmetics.es\/es\/inundamos-de-color-esta-primavera\/\"},\"wordCount\":369,\"publisher\":{\"@id\":\"https:\/\/summecosmetics.es\/es\/#organization\"},\"image\":{\"@id\":\"https:\/\/summecosmetics.es\/es\/inundamos-de-color-esta-primavera\/#primaryimage\"},\"thumbnailUrl\":\"https:\/\/summecosmetics.es\/wp-content\/uploads\/2022\/03\/primavera-1.jpg\",\"articleSection\":[\"News\"],\"inLanguage\":\"es\"},{\"@type\":\"WebPage\",\"@id\":\"https:\/\/summecosmetics.es\/es\/inundamos-de-color-esta-primavera\/\",\"url\":\"https:\/\/summecosmetics.es\/es\/inundamos-de-color-esta-primavera\/\",\"name\":\"INUNDAMOS DE COLOR ESTA PRIMAVERA - Summecosmetics\",\"isPartOf\":{\"@id\":\"https:\/\/summecosmetics.es\/es\/#website\"},\"primaryImageOfPage\":{\"@id\":\"https:\/\/summecosmetics.es\/es\/inundamos-de-color-esta-primavera\/#primaryimage\"},\"image\":{\"@id\":\"https:\/\/summecosmetics.es\/es\/inundamos-de-color-esta-primavera\/#primaryimage\"},\"thumbnailUrl\":\"https:\/\/summecosmetics.es\/wp-content\/uploads\/2022\/03\/primavera-1.jpg\",\"datePublished\":\"2022-03-30T13:31:14+00:00\",\"dateModified\":\"2025-04-29T13:22:03+00:00\",\"breadcrumb\":{\"@id\":\"https:\/\/summecosmetics.es\/es\/inundamos-de-color-esta-primavera\/#breadcrumb\"},\"inLanguage\":\"es\",\"potentialAction\":[{\"@type\":\"ReadAction\",\"target\":[\"https:\/\/summecosmetics.es\/es\/inundamos-de-color-esta-primavera\/\"]}]},{\"@type\":\"ImageObject\",\"inLanguage\":\"es\",\"@id\":\"https:\/\/summecosmetics.es\/es\/inundamos-de-color-esta-primavera\/#primaryimage\",\"url\":\"https:\/\/summecosmetics.es\/wp-content\/uploads\/2022\/03\/primavera-1.jpg\",\"contentUrl\":\"https:\/\/summecosmetics.es\/wp-content\/uploads\/2022\/03\/primavera-1.jpg\",\"width\":800,\"height\":418},{\"@type\":\"BreadcrumbList\",\"@id\":\"https:\/\/summecosmetics.es\/es\/inundamos-de-color-esta-primavera\/#breadcrumb\",\"itemListElement\":[{\"@type\":\"ListItem\",\"position\":1,\"name\":\"Home\",\"item\":\"https:\/\/summecosmetics.es\/es\/\"},{\"@type\":\"ListItem\",\"position\":2,\"name\":\"INUNDAMOS DE COLOR ESTA PRIMAVERA\"}]},{\"@type\":\"WebSite\",\"@id\":\"https:\/\/summecosmetics.es\/es\/#website\",\"url\":\"https:\/\/summecosmetics.es\/es\/\",\"name\":\"Summecosmetics\",\"description\":\"\",\"publisher\":{\"@id\":\"https:\/\/summecosmetics.es\/es\/#organization\"},\"potentialAction\":[{\"@type\":\"SearchAction\",\"target\":{\"@type\":\"EntryPoint\",\"urlTemplate\":\"https:\/\/summecosmetics.es\/es\/?s={search_term_string}\"},\"query-input\":{\"@type\":\"PropertyValueSpecification\",\"valueRequired\":true,\"valueName\":\"search_term_string\"}}],\"inLanguage\":\"es\"},{\"@type\":\"Organization\",\"@id\":\"https:\/\/summecosmetics.es\/es\/#organization\",\"name\":\"Summecosmetics\",\"url\":\"https:\/\/summecosmetics.es\/es\/\",\"logo\":{\"@type\":\"ImageObject\",\"inLanguage\":\"es\",\"@id\":\"https:\/\/summecosmetics.es\/es\/#\/schema\/logo\/image\/\",\"url\":\"https:\/\/summecosmetics.es\/wp-content\/uploads\/2018\/01\/logo_sume_pdf.png\",\"contentUrl\":\"https:\/\/summecosmetics.es\/wp-content\/uploads\/2018\/01\/logo_sume_pdf.png\",\"width\":800,\"height\":519,\"caption\":\"Summecosmetics\"},\"image\":{\"@id\":\"https:\/\/summecosmetics.es\/es\/#\/schema\/logo\/image\/\"},\"sameAs\":[\"https:\/\/www.facebook.com\/summecosmetics\/\",\"https:\/\/www.instagram.com\/summecosmetics\/\",\"https:\/\/www.pinterest.es\/summe2010\/\",\"https:\/\/www.youtube.com\/channel\/UCH8VKM8-QvCmbt0n02xSODg\"]},{\"@type\":\"Person\",\"@id\":\"https:\/\/summecosmetics.es\/es\/#\/schema\/person\/d3562d5c1d74deb69f7ca5c606265553\",\"name\":\"summecosmetics\",\"sameAs\":[\"https:\/\/x.com\/e-tecnia\"]}]}<\/script>\n<!-- \/ Yoast SEO plugin. -->","yoast_head_json":{"title":"INUNDAMOS DE COLOR ESTA PRIMAVERA - Summecosmetics","robots":{"index":"index","follow":"follow","max-snippet":"max-snippet:-1","max-image-preview":"max-image-preview:large","max-video-preview":"max-video-preview:-1"},"canonical":"https:\/\/summecosmetics.es\/es\/inundamos-de-color-esta-primavera\/","og_locale":"es_ES","og_type":"article","og_title":"INUNDAMOS DE COLOR ESTA PRIMAVERA - Summecosmetics","og_description":"Atr\u00e1s quedan los d\u00edas grises del invierno que ya queremos olvidar y sentimos como entra con fuerza un estallido de color que lo inunda todo. WOW!!! ES LA PRIMAVERA!!!","og_url":"https:\/\/summecosmetics.es\/es\/inundamos-de-color-esta-primavera\/","og_site_name":"Summecosmetics","article_publisher":"https:\/\/www.facebook.com\/summecosmetics\/","article_published_time":"2022-03-30T13:31:14+00:00","article_modified_time":"2025-04-29T13:22:03+00:00","og_image":[{"width":800,"height":418,"url":"https:\/\/summecosmetics.es\/wp-content\/uploads\/2022\/03\/primavera-1.jpg","type":"image\/jpeg"}],"author":"summecosmetics","twitter_card":"summary_large_image","twitter_creator":"@e-tecnia","twitter_misc":{"Escrito por":"summecosmetics","Tiempo de lectura":"2 minutos"},"schema":{"@context":"https:\/\/schema.org","@graph":[{"@type":"Article","@id":"https:\/\/summecosmetics.es\/es\/inundamos-de-color-esta-primavera\/#article","isPartOf":{"@id":"https:\/\/summecosmetics.es\/es\/inundamos-de-color-esta-primavera\/"},"author":{"name":"summecosmetics","@id":"https:\/\/summecosmetics.es\/es\/#\/schema\/person\/d3562d5c1d74deb69f7ca5c606265553"},"headline":"INUNDAMOS DE COLOR ESTA PRIMAVERA","datePublished":"2022-03-30T13:31:14+00:00","dateModified":"2025-04-29T13:22:03+00:00","mainEntityOfPage":{"@id":"https:\/\/summecosmetics.es\/es\/inundamos-de-color-esta-primavera\/"},"wordCount":369,"publisher":{"@id":"https:\/\/summecosmetics.es\/es\/#organization"},"image":{"@id":"https:\/\/summecosmetics.es\/es\/inundamos-de-color-esta-primavera\/#primaryimage"},"thumbnailUrl":"https:\/\/summecosmetics.es\/wp-content\/uploads\/2022\/03\/primavera-1.jpg","articleSection":["News"],"inLanguage":"es"},{"@type":"WebPage","@id":"https:\/\/summecosmetics.es\/es\/inundamos-de-color-esta-primavera\/","url":"https:\/\/summecosmetics.es\/es\/inundamos-de-color-esta-primavera\/","name":"INUNDAMOS DE COLOR ESTA PRIMAVERA - Summecosmetics","isPartOf":{"@id":"https:\/\/summecosmetics.es\/es\/#website"},"primaryImageOfPage":{"@id":"https:\/\/summecosmetics.es\/es\/inundamos-de-color-esta-primavera\/#primaryimage"},"image":{"@id":"https:\/\/summecosmetics.es\/es\/inundamos-de-color-esta-primavera\/#primaryimage"},"thumbnailUrl":"https:\/\/summecosmetics.es\/wp-content\/uploads\/2022\/03\/primavera-1.jpg","datePublished":"2022-03-30T13:31:14+00:00","dateModified":"2025-04-29T13:22:03+00:00","breadcrumb":{"@id":"https:\/\/summecosmetics.es\/es\/inundamos-de-color-esta-primavera\/#breadcrumb"},"inLanguage":"es","potentialAction":[{"@type":"ReadAction","target":["https:\/\/summecosmetics.es\/es\/inundamos-de-color-esta-primavera\/"]}]},{"@type":"ImageObject","inLanguage":"es","@id":"https:\/\/summecosmetics.es\/es\/inundamos-de-color-esta-primavera\/#primaryimage","url":"https:\/\/summecosmetics.es\/wp-content\/uploads\/2022\/03\/primavera-1.jpg","contentUrl":"https:\/\/summecosmetics.es\/wp-content\/uploads\/2022\/03\/primavera-1.jpg","width":800,"height":418},{"@type":"BreadcrumbList","@id":"https:\/\/summecosmetics.es\/es\/inundamos-de-color-esta-primavera\/#breadcrumb","itemListElement":[{"@type":"ListItem","position":1,"name":"Home","item":"https:\/\/summecosmetics.es\/es\/"},{"@type":"ListItem","position":2,"name":"INUNDAMOS DE COLOR ESTA PRIMAVERA"}]},{"@type":"WebSite","@id":"https:\/\/summecosmetics.es\/es\/#website","url":"https:\/\/summecosmetics.es\/es\/","name":"Summecosmetics","description":"","publisher":{"@id":"https:\/\/summecosmetics.es\/es\/#organization"},"potentialAction":[{"@type":"SearchAction","target":{"@type":"EntryPoint","urlTemplate":"https:\/\/summecosmetics.es\/es\/?s={search_term_string}"},"query-input":{"@type":"PropertyValueSpecification","valueRequired":true,"valueName":"search_term_string"}}],"inLanguage":"es"},{"@type":"Organization","@id":"https:\/\/summecosmetics.es\/es\/#organization","name":"Summecosmetics","url":"https:\/\/summecosmetics.es\/es\/","logo":{"@type":"ImageObject","inLanguage":"es","@id":"https:\/\/summecosmetics.es\/es\/#\/schema\/logo\/image\/","url":"https:\/\/summecosmetics.es\/wp-content\/uploads\/2018\/01\/logo_sume_pdf.png","contentUrl":"https:\/\/summecosmetics.es\/wp-content\/uploads\/2018\/01\/logo_sume_pdf.png","width":800,"height":519,"caption":"Summecosmetics"},"image":{"@id":"https:\/\/summecosmetics.es\/es\/#\/schema\/logo\/image\/"},"sameAs":["https:\/\/www.facebook.com\/summecosmetics\/","https:\/\/www.instagram.com\/summecosmetics\/","https:\/\/www.pinterest.es\/summe2010\/","https:\/\/www.youtube.com\/channel\/UCH8VKM8-QvCmbt0n02xSODg"]},{"@type":"Person","@id":"https:\/\/summecosmetics.es\/es\/#\/schema\/person\/d3562d5c1d74deb69f7ca5c606265553","name":"summecosmetics","sameAs":["https:\/\/x.com\/e-tecnia"]}]}},"_links":{"self":[{"href":"https:\/\/summecosmetics.es\/es\/wp-json\/wp\/v2\/posts\/6150","targetHints":{"allow":["GET"]}}],"collection":[{"href":"https:\/\/summecosmetics.es\/es\/wp-json\/wp\/v2\/posts"}],"about":[{"href":"https:\/\/summecosmetics.es\/es\/wp-json\/wp\/v2\/types\/post"}],"author":[{"embeddable":true,"href":"https:\/\/summecosmetics.es\/es\/wp-json\/wp\/v2\/users\/3"}],"replies":[{"embeddable":true,"href":"https:\/\/summecosmetics.es\/es\/wp-json\/wp\/v2\/comments?post=6150"}],"version-history":[{"count":5,"href":"https:\/\/summecosmetics.es\/es\/wp-json\/wp\/v2\/posts\/6150\/revisions"}],"predecessor-version":[{"id":6168,"href":"https:\/\/summecosmetics.es\/es\/wp-json\/wp\/v2\/posts\/6150\/revisions\/6168"}],"wp:featuredmedia":[{"embeddable":true,"href":"https:\/\/summecosmetics.es\/es\/wp-json\/wp\/v2\/media\/6169"}],"wp:attachment":[{"href":"https:\/\/summecosmetics.es\/es\/wp-json\/wp\/v2\/media?parent=6150"}],"wp:term":[{"taxonomy":"category","embeddable":true,"href":"https:\/\/summecosmetics.es\/es\/wp-json\/wp\/v2\/categories?post=6150"},{"taxonomy":"post_tag","embeddable":true,"href":"https:\/\/summecosmetics.es\/es\/wp-json\/wp\/v2\/tags?post=6150"}],"curies":[{"name":"wp","href":"https:\/\/api.w.org\/{rel}","templated":true}]}}