{"id":9949,"date":"2026-01-19T09:30:58","date_gmt":"2026-01-19T08:30:58","guid":{"rendered":"https:\/\/summecosmetics.es\/?p=9949"},"modified":"2026-01-19T09:24:37","modified_gmt":"2026-01-19T08:24:37","slug":"los-guardianes-de-la-funcion-barrera-claves-para-fortalecer-la-piel-sensibilizada","status":"publish","type":"post","link":"https:\/\/summecosmetics.es\/es\/los-guardianes-de-la-funcion-barrera-claves-para-fortalecer-la-piel-sensibilizada\/","title":{"rendered":"Los Guardianes de la Funci\u00f3n Barrera: Claves para Fortalecer la Piel Sensibilizada"},"content":{"rendered":"<h2><strong>La importancia de NICELY: El tratamiento de rescate hidronutritivo<\/strong><\/h2>\n<p>Para que la piel muestre su estado m\u00e1s saludable y sus condiciones m\u00e1s \u00f3ptimas, es fundamental preservar el fr\u00e1gil equilibrio de su funci\u00f3n barrera. Hemos dise\u00f1ado <strong>NICELY<\/strong> como la l\u00ednea facial ideal para pieles que sufren una <strong>falta de hidrataci\u00f3n y nutrici\u00f3n d\u00e9rmica<\/strong>. Su objetivo principal es <strong>mantener y restablecer <\/strong>la funci\u00f3n barrera del film hidrolip\u00eddico, proporcionando una <strong>estructura reparada<\/strong> y una resistencia superior frente a la hiperreactividad cut\u00e1nea. Gracias a <strong>NICELY <\/strong>la piel recupera su estado natural de confort, calma, suavidad y firmeza, volvi\u00e9ndose m\u00e1s receptiva a cualquier otro tratamiento cosm\u00e9tico.<\/p>\n<h2><strong><u>\u00bfQu\u00e9 es una piel sensibilizada?<\/u><\/strong><\/h2>\n<p>Es crucial entender que la piel sensibilizada no es un tipo de piel permanente, sino un <strong>estado reactivo y temporal<\/strong>. La se\u00e7nsibilidad es un s\u00edntoma directo de la <strong>deshidrataci\u00f3n<\/strong>. Este estado ocurre cuando el equilibrio del manto \u00e1cido se rompe, lo que puede dar lugar a una invasi\u00f3n bacteriol\u00f3gica indeseable, sensibilizaci\u00f3n o diversas formas de dermatitis.<\/p>\n<p>Las se\u00f1ales comunes que indican que una piel est\u00e1 sensibilizada son:<\/p>\n<ul>\n<li><strong>Tirantez y p\u00e9rdida de turgencia<\/strong> o flexibilidad.<\/li>\n<li><strong>Aspecto apagado<\/strong> y mayor descamaci\u00f3n.<\/li>\n<li><strong>Sensaciones de picor, escozor o calor<\/strong> debido a la hiperreactividad.<\/li>\n<li><strong>Formaci\u00f3n prematura de arrugas<\/strong> por la reducci\u00f3n de agua epid\u00e9rmica.<\/li>\n<\/ul>\n<blockquote><p>Cualquier tipo de piel, incluso la m\u00e1s resistente, puede sensibilizarse en alg\u00fan momento si su barrera protectora se debilita.<\/p><\/blockquote>\n<h2><strong>Factores que debilitan la barrera cut\u00e1nea<\/strong><\/h2>\n<p>La funci\u00f3n barrera es la cobertura clave para evitar el deterioro de las estructuras internas de la piel. Sin embargo, diversos agresores externos pueden \u00abromper\u00bb este escudo progresivamente:<\/p>\n<p><img decoding=\"async\" class=\"aligncenter size-full wp-image-9975\" src=\"https:\/\/summecosmetics.es\/wp-content\/uploads\/2026\/01\/Captura-de-Pantalla-2026-01-19-a-las-9.21.31.png\" alt=\"\" width=\"970\" height=\"488\" srcset=\"https:\/\/summecosmetics.es\/wp-content\/uploads\/2026\/01\/Captura-de-Pantalla-2026-01-19-a-las-9.21.31.png 970w, https:\/\/summecosmetics.es\/wp-content\/uploads\/2026\/01\/Captura-de-Pantalla-2026-01-19-a-las-9.21.31-480x241.png 480w, https:\/\/summecosmetics.es\/wp-content\/uploads\/2026\/01\/Captura-de-Pantalla-2026-01-19-a-las-9.21.31-768x386.png 768w, https:\/\/summecosmetics.es\/wp-content\/uploads\/2026\/01\/Captura-de-Pantalla-2026-01-19-a-las-9.21.31-800x402.png 800w\" sizes=\"(max-width: 970px) 100vw, 970px\" \/><\/p>\n<h2><strong>Un fr\u00e1gil equilibrio<\/strong><\/h2>\n<p>La salud de la barrera cut\u00e1nea depende de dos elementos internos cr\u00edticos:<\/p>\n<p><strong>D\u00e9ficit de Factores Naturales de Hidrataci\u00f3n:<\/strong> Su escasez provoca una p\u00e9rdida de agua transepid\u00e9rmica que resta jugosidad a la piel.<\/p>\n<p><strong>Baja aportaci\u00f3n de l\u00edpidos:<\/strong> La falta de l\u00edpidos intercelulares (como las ceramidas) rompe la cohesi\u00f3n de la piel, haci\u00e9ndola m\u00e1s permeable y fr\u00e1gil.<\/p>\n<h2><strong><img decoding=\"async\" class=\" wp-image-9962 alignleft\" src=\"https:\/\/summecosmetics.es\/wp-content\/uploads\/2026\/01\/nicely-scaled.jpg\" alt=\"\" width=\"409\" height=\"409\" srcset=\"https:\/\/summecosmetics.es\/wp-content\/uploads\/2026\/01\/nicely-scaled.jpg 2560w, https:\/\/summecosmetics.es\/wp-content\/uploads\/2026\/01\/nicely-480x480.jpg 480w, https:\/\/summecosmetics.es\/wp-content\/uploads\/2026\/01\/nicely-1024x1024.jpg 1024w, https:\/\/summecosmetics.es\/wp-content\/uploads\/2026\/01\/nicely-320x320.jpg 320w, https:\/\/summecosmetics.es\/wp-content\/uploads\/2026\/01\/nicely-768x768.jpg 768w, https:\/\/summecosmetics.es\/wp-content\/uploads\/2026\/01\/nicely-1536x1536.jpg 1536w, https:\/\/summecosmetics.es\/wp-content\/uploads\/2026\/01\/nicely-2048x2048.jpg 2048w, https:\/\/summecosmetics.es\/wp-content\/uploads\/2026\/01\/nicely-640x640.jpg 640w, https:\/\/summecosmetics.es\/wp-content\/uploads\/2026\/01\/nicely-500x500.jpg 500w, https:\/\/summecosmetics.es\/wp-content\/uploads\/2026\/01\/nicely-1320x1320.jpg 1320w, https:\/\/summecosmetics.es\/wp-content\/uploads\/2026\/01\/nicely-800x800.jpg 800w, https:\/\/summecosmetics.es\/wp-content\/uploads\/2026\/01\/nicely-100x100.jpg 100w\" sizes=\"(max-width: 409px) 100vw, 409px\" \/><\/strong><\/h2>\n<h2><\/h2>\n<h2><strong>La importancia de proteger (no atacar) la piel<\/strong><\/h2>\n<p>Cuando la piel est\u00e1 sensibilizada, el enfoque de cuidado debe cambiar: <strong>menos es m\u00e1s<\/strong>. Es necesario utilizar una l\u00ednea de cosm\u00e9ticos moderada que cubra las necesidades b\u00e1sicas diarias sin a\u00f1adir estr\u00e9s innecesario.<\/p>\n<p>La prioridad debe ser preservar la integridad de la barrera protectora y los mecanismos de autodefensa cut\u00e1nea.<\/p>\n<p>&nbsp;<\/p>\n<p>Adem\u00e1s al crear <strong>NICELY<\/strong> hemos tenido muy en cuenta dise\u00f1ar f\u00f3rmulas libres de aromas y otros activos sensibilizantes para minimizar el riesgo de reacci\u00f3n incluso en las pieles m\u00e1s delicadas.<\/p>\n<h2><strong>Principios activos que refuerzan la barrera cut\u00e1nea<\/strong><\/h2>\n<p>Para restaurar una piel sensibilizada, <strong>NICELY<\/strong> utiliza ingredientes con objetivos reconstituyentes que act\u00faan como \u00abalimento\u00bb para la piel.<\/p>\n<h3>HIDRATACI\u00d3N<\/h3>\n<p>Activos destinados a preservar e incentivar los mecanismos propios de hidrataci\u00f3n y humectaci\u00f3n de la piel. La hidrataci\u00f3n es un proceso vital y de m\u00e1xima importancia, ya que sin un contenido adecuado de agua la piel no puede funcionar correctamente ni permitir una penetraci\u00f3n eficaz de los principios activos.<\/p>\n<p>Nuestro objetivo es una hidrataci\u00f3n a largo plazo, capaz de retener el agua en las capas m\u00e1s profundas y superficiales, mejorar la redensificaci\u00f3n cut\u00e1nea y reforzar la barrera hidronutritiva, base esencial para una piel equilibrada y saludable.<\/p>\n<h3>NUTRICI\u00d3N<\/h3>\n<p>Activos orientados a reforzar la acci\u00f3n impermeabilizante natural de la piel y a blindarla frente a agresiones externas. La aportaci\u00f3n de sustancias fundamentales es prioritaria en cualquier tipolog\u00eda de piel, ya que de ella depende directamente su resistencia, elasticidad y capacidad de defensa.<\/p>\n<p>La nutrici\u00f3n constituye una de las bases fundamentales de la belleza, asegurando que la piel mantenga su estructura y funcionalidad en \u00f3ptimas condiciones.<\/p>\n<h3>PROTECCI\u00d3N<\/h3>\n<p>Cobertura clave para mantener la piel, sus estructuras y sus funciones en perfecto estado, evitando su deterioro prematuro. La protecci\u00f3n act\u00faa como un escudo frente a los factores externos y el estr\u00e9s ambiental, preservando la integridad cut\u00e1nea y prolongando su buen estado a lo largo del tiempo.<\/p>\n<h3>CONFORT<\/h3>\n<p>Activos dise\u00f1ados para aliviar, calmar y liberar la piel del desgaste diario.Es imprescindible que la piel se sienta serena, equilibrada y confortable, libre de cualquier sensaci\u00f3n molesta provocada por hiperactividad cut\u00e1nea, sensibilizaci\u00f3n o agresiones externas.<\/p>\n<p>El confort garantiza una piel estable, calmada y receptiva, capaz de responder mejor a los cuidados diarios.<\/p>\n<p>Para ofrecer este bienestar y dar respuesta a cada necesidad, contamos con una amplia selecci\u00f3n de soluciones que incluyen desde <strong>limpiadores muy suaves pero que limpian en profundidad y t\u00f3nicos muy respetuosos<\/strong> que equilibran el pH, hasta <strong>exfoliantes enzim\u00e1ticos<\/strong> dise\u00f1ados para renovar la piel sin agredirla. Esta gama se especializa en una variada oferta de <strong>s\u00e9rums hidratantes y nutritivos<\/strong>, junto a <strong>mascarillas restauradoras y cremas de tratamiento<\/strong> que act\u00faan como el escudo final necesario para blindar el rostro frente al desgaste diario y la hiperreactividad.<\/p>\n<p>Productos que se basan en <strong>\u00abdar de beber y comer a la piel\u00bb<\/strong> para hacerla fuerte, utilizando activos destinados a incentivar sus propios mecanismos naturales de hidrataci\u00f3n y nutrici\u00f3n. De este modo, nuestras f\u00f3rmulas buscan aumentar la provisi\u00f3n de <strong>reservas hidronutritivas<\/strong> d\u00eda tras d\u00eda para que, al elegir una rutina respetuosa y equilibrada, no solo tratamos los s\u00edntomas de la sensibilidad, sino que acompa\u00f1amos a la piel en su proceso vital de <strong>autoprotecci\u00f3n y reparaci\u00f3n.<\/strong><\/p>\n","protected":false},"excerpt":{"rendered":"<p>Para que la piel luzca su estado m\u00e1s saludable, es fundamental preservar el fr\u00e1gil equilibrio de su funci\u00f3n barrera* un escudo protector que a menudo se debilita debido a factores externos, transformando la sensibilidad en un estado reactivo y temporal que requiere un rescate hidronutritivo inmediato.<\/p>\n","protected":false},"author":4,"featured_media":9953,"comment_status":"closed","ping_status":"closed","sticky":false,"template":"","format":"standard","meta":{"_acf_changed":false,"inline_featured_image":false,"footnotes":""},"categories":[245],"tags":[],"class_list":["post-9949","post","type-post","status-publish","format-standard","has-post-thumbnail","hentry","category-news"],"acf":[],"yoast_head":"<!-- This site is optimized with the Yoast SEO plugin v26.3 - https:\/\/yoast.com\/wordpress\/plugins\/seo\/ -->\n<title>Los Guardianes de la Funci\u00f3n Barrera: Claves para Fortalecer la Piel Sensibilizada - Summecosmetics<\/title>\n<meta name=\"robots\" content=\"index, follow, max-snippet:-1, max-image-preview:large, max-video-preview:-1\" \/>\n<link rel=\"canonical\" href=\"https:\/\/summecosmetics.es\/es\/los-guardianes-de-la-funcion-barrera-claves-para-fortalecer-la-piel-sensibilizada\/\" \/>\n<meta property=\"og:locale\" content=\"es_ES\" \/>\n<meta property=\"og:type\" content=\"article\" \/>\n<meta property=\"og:title\" content=\"Los Guardianes de la Funci\u00f3n Barrera: Claves para Fortalecer la Piel Sensibilizada - Summecosmetics\" \/>\n<meta property=\"og:description\" content=\"Para que la piel luzca su estado m\u00e1s saludable, es fundamental preservar el fr\u00e1gil equilibrio de su funci\u00f3n barrera* un escudo protector que a menudo se debilita debido a factores externos, transformando la sensibilidad en un estado reactivo y temporal que requiere un rescate hidronutritivo inmediato.\" \/>\n<meta property=\"og:url\" content=\"https:\/\/summecosmetics.es\/es\/los-guardianes-de-la-funcion-barrera-claves-para-fortalecer-la-piel-sensibilizada\/\" \/>\n<meta property=\"og:site_name\" content=\"Summecosmetics\" \/>\n<meta property=\"article:publisher\" content=\"https:\/\/www.facebook.com\/summecosmetics\/\" \/>\n<meta property=\"article:published_time\" content=\"2026-01-19T08:30:58+00:00\" \/>\n<meta property=\"og:image\" content=\"https:\/\/summecosmetics.es\/wp-content\/uploads\/2026\/01\/Captura-de-Pantalla-2026-01-16-a-las-11.05.59.png\" \/>\n\t<meta property=\"og:image:width\" content=\"1800\" \/>\n\t<meta property=\"og:image:height\" content=\"1006\" \/>\n\t<meta property=\"og:image:type\" content=\"image\/png\" \/>\n<meta name=\"author\" content=\"Social Media\" \/>\n<meta name=\"twitter:card\" content=\"summary_large_image\" \/>\n<meta name=\"twitter:label1\" content=\"Escrito por\" \/>\n\t<meta name=\"twitter:data1\" content=\"Social Media\" \/>\n\t<meta name=\"twitter:label2\" content=\"Tiempo de lectura\" \/>\n\t<meta name=\"twitter:data2\" content=\"5 minutos\" \/>\n<script type=\"application\/ld+json\" class=\"yoast-schema-graph\">{\"@context\":\"https:\/\/schema.org\",\"@graph\":[{\"@type\":\"Article\",\"@id\":\"https:\/\/summecosmetics.es\/es\/los-guardianes-de-la-funcion-barrera-claves-para-fortalecer-la-piel-sensibilizada\/#article\",\"isPartOf\":{\"@id\":\"https:\/\/summecosmetics.es\/es\/los-guardianes-de-la-funcion-barrera-claves-para-fortalecer-la-piel-sensibilizada\/\"},\"author\":{\"name\":\"Social Media\",\"@id\":\"https:\/\/summecosmetics.es\/es\/#\/schema\/person\/759084023f746a61bee60297d3364afb\"},\"headline\":\"Los Guardianes de la Funci\u00f3n Barrera: Claves para Fortalecer la Piel Sensibilizada\",\"datePublished\":\"2026-01-19T08:30:58+00:00\",\"mainEntityOfPage\":{\"@id\":\"https:\/\/summecosmetics.es\/es\/los-guardianes-de-la-funcion-barrera-claves-para-fortalecer-la-piel-sensibilizada\/\"},\"wordCount\":957,\"publisher\":{\"@id\":\"https:\/\/summecosmetics.es\/es\/#organization\"},\"image\":{\"@id\":\"https:\/\/summecosmetics.es\/es\/los-guardianes-de-la-funcion-barrera-claves-para-fortalecer-la-piel-sensibilizada\/#primaryimage\"},\"thumbnailUrl\":\"https:\/\/summecosmetics.es\/wp-content\/uploads\/2026\/01\/Captura-de-Pantalla-2026-01-16-a-las-11.05.59.png\",\"articleSection\":[\"News\"],\"inLanguage\":\"es\"},{\"@type\":\"WebPage\",\"@id\":\"https:\/\/summecosmetics.es\/es\/los-guardianes-de-la-funcion-barrera-claves-para-fortalecer-la-piel-sensibilizada\/\",\"url\":\"https:\/\/summecosmetics.es\/es\/los-guardianes-de-la-funcion-barrera-claves-para-fortalecer-la-piel-sensibilizada\/\",\"name\":\"Los Guardianes de la Funci\u00f3n Barrera: Claves para Fortalecer la Piel Sensibilizada - Summecosmetics\",\"isPartOf\":{\"@id\":\"https:\/\/summecosmetics.es\/es\/#website\"},\"primaryImageOfPage\":{\"@id\":\"https:\/\/summecosmetics.es\/es\/los-guardianes-de-la-funcion-barrera-claves-para-fortalecer-la-piel-sensibilizada\/#primaryimage\"},\"image\":{\"@id\":\"https:\/\/summecosmetics.es\/es\/los-guardianes-de-la-funcion-barrera-claves-para-fortalecer-la-piel-sensibilizada\/#primaryimage\"},\"thumbnailUrl\":\"https:\/\/summecosmetics.es\/wp-content\/uploads\/2026\/01\/Captura-de-Pantalla-2026-01-16-a-las-11.05.59.png\",\"datePublished\":\"2026-01-19T08:30:58+00:00\",\"breadcrumb\":{\"@id\":\"https:\/\/summecosmetics.es\/es\/los-guardianes-de-la-funcion-barrera-claves-para-fortalecer-la-piel-sensibilizada\/#breadcrumb\"},\"inLanguage\":\"es\",\"potentialAction\":[{\"@type\":\"ReadAction\",\"target\":[\"https:\/\/summecosmetics.es\/es\/los-guardianes-de-la-funcion-barrera-claves-para-fortalecer-la-piel-sensibilizada\/\"]}]},{\"@type\":\"ImageObject\",\"inLanguage\":\"es\",\"@id\":\"https:\/\/summecosmetics.es\/es\/los-guardianes-de-la-funcion-barrera-claves-para-fortalecer-la-piel-sensibilizada\/#primaryimage\",\"url\":\"https:\/\/summecosmetics.es\/wp-content\/uploads\/2026\/01\/Captura-de-Pantalla-2026-01-16-a-las-11.05.59.png\",\"contentUrl\":\"https:\/\/summecosmetics.es\/wp-content\/uploads\/2026\/01\/Captura-de-Pantalla-2026-01-16-a-las-11.05.59.png\",\"width\":1800,\"height\":1006},{\"@type\":\"BreadcrumbList\",\"@id\":\"https:\/\/summecosmetics.es\/es\/los-guardianes-de-la-funcion-barrera-claves-para-fortalecer-la-piel-sensibilizada\/#breadcrumb\",\"itemListElement\":[{\"@type\":\"ListItem\",\"position\":1,\"name\":\"Home\",\"item\":\"https:\/\/summecosmetics.es\/es\/\"},{\"@type\":\"ListItem\",\"position\":2,\"name\":\"Los Guardianes de la Funci\u00f3n Barrera: Claves para Fortalecer la Piel Sensibilizada\"}]},{\"@type\":\"WebSite\",\"@id\":\"https:\/\/summecosmetics.es\/es\/#website\",\"url\":\"https:\/\/summecosmetics.es\/es\/\",\"name\":\"Summecosmetics\",\"description\":\"\",\"publisher\":{\"@id\":\"https:\/\/summecosmetics.es\/es\/#organization\"},\"potentialAction\":[{\"@type\":\"SearchAction\",\"target\":{\"@type\":\"EntryPoint\",\"urlTemplate\":\"https:\/\/summecosmetics.es\/es\/?s={search_term_string}\"},\"query-input\":{\"@type\":\"PropertyValueSpecification\",\"valueRequired\":true,\"valueName\":\"search_term_string\"}}],\"inLanguage\":\"es\"},{\"@type\":\"Organization\",\"@id\":\"https:\/\/summecosmetics.es\/es\/#organization\",\"name\":\"Summecosmetics\",\"url\":\"https:\/\/summecosmetics.es\/es\/\",\"logo\":{\"@type\":\"ImageObject\",\"inLanguage\":\"es\",\"@id\":\"https:\/\/summecosmetics.es\/es\/#\/schema\/logo\/image\/\",\"url\":\"https:\/\/summecosmetics.es\/wp-content\/uploads\/2018\/01\/logo_sume_pdf.png\",\"contentUrl\":\"https:\/\/summecosmetics.es\/wp-content\/uploads\/2018\/01\/logo_sume_pdf.png\",\"width\":800,\"height\":519,\"caption\":\"Summecosmetics\"},\"image\":{\"@id\":\"https:\/\/summecosmetics.es\/es\/#\/schema\/logo\/image\/\"},\"sameAs\":[\"https:\/\/www.facebook.com\/summecosmetics\/\",\"https:\/\/www.instagram.com\/summecosmetics\/\",\"https:\/\/www.pinterest.es\/summe2010\/\",\"https:\/\/www.youtube.com\/channel\/UCH8VKM8-QvCmbt0n02xSODg\"]},{\"@type\":\"Person\",\"@id\":\"https:\/\/summecosmetics.es\/es\/#\/schema\/person\/759084023f746a61bee60297d3364afb\",\"name\":\"Social Media\"}]}<\/script>\n<!-- \/ Yoast SEO plugin. -->","yoast_head_json":{"title":"Los Guardianes de la Funci\u00f3n Barrera: Claves para Fortalecer la Piel Sensibilizada - Summecosmetics","robots":{"index":"index","follow":"follow","max-snippet":"max-snippet:-1","max-image-preview":"max-image-preview:large","max-video-preview":"max-video-preview:-1"},"canonical":"https:\/\/summecosmetics.es\/es\/los-guardianes-de-la-funcion-barrera-claves-para-fortalecer-la-piel-sensibilizada\/","og_locale":"es_ES","og_type":"article","og_title":"Los Guardianes de la Funci\u00f3n Barrera: Claves para Fortalecer la Piel Sensibilizada - Summecosmetics","og_description":"Para que la piel luzca su estado m\u00e1s saludable, es fundamental preservar el fr\u00e1gil equilibrio de su funci\u00f3n barrera* un escudo protector que a menudo se debilita debido a factores externos, transformando la sensibilidad en un estado reactivo y temporal que requiere un rescate hidronutritivo inmediato.","og_url":"https:\/\/summecosmetics.es\/es\/los-guardianes-de-la-funcion-barrera-claves-para-fortalecer-la-piel-sensibilizada\/","og_site_name":"Summecosmetics","article_publisher":"https:\/\/www.facebook.com\/summecosmetics\/","article_published_time":"2026-01-19T08:30:58+00:00","og_image":[{"width":1800,"height":1006,"url":"https:\/\/summecosmetics.es\/wp-content\/uploads\/2026\/01\/Captura-de-Pantalla-2026-01-16-a-las-11.05.59.png","type":"image\/png"}],"author":"Social Media","twitter_card":"summary_large_image","twitter_misc":{"Escrito por":"Social Media","Tiempo de lectura":"5 minutos"},"schema":{"@context":"https:\/\/schema.org","@graph":[{"@type":"Article","@id":"https:\/\/summecosmetics.es\/es\/los-guardianes-de-la-funcion-barrera-claves-para-fortalecer-la-piel-sensibilizada\/#article","isPartOf":{"@id":"https:\/\/summecosmetics.es\/es\/los-guardianes-de-la-funcion-barrera-claves-para-fortalecer-la-piel-sensibilizada\/"},"author":{"name":"Social Media","@id":"https:\/\/summecosmetics.es\/es\/#\/schema\/person\/759084023f746a61bee60297d3364afb"},"headline":"Los Guardianes de la Funci\u00f3n Barrera: Claves para Fortalecer la Piel Sensibilizada","datePublished":"2026-01-19T08:30:58+00:00","mainEntityOfPage":{"@id":"https:\/\/summecosmetics.es\/es\/los-guardianes-de-la-funcion-barrera-claves-para-fortalecer-la-piel-sensibilizada\/"},"wordCount":957,"publisher":{"@id":"https:\/\/summecosmetics.es\/es\/#organization"},"image":{"@id":"https:\/\/summecosmetics.es\/es\/los-guardianes-de-la-funcion-barrera-claves-para-fortalecer-la-piel-sensibilizada\/#primaryimage"},"thumbnailUrl":"https:\/\/summecosmetics.es\/wp-content\/uploads\/2026\/01\/Captura-de-Pantalla-2026-01-16-a-las-11.05.59.png","articleSection":["News"],"inLanguage":"es"},{"@type":"WebPage","@id":"https:\/\/summecosmetics.es\/es\/los-guardianes-de-la-funcion-barrera-claves-para-fortalecer-la-piel-sensibilizada\/","url":"https:\/\/summecosmetics.es\/es\/los-guardianes-de-la-funcion-barrera-claves-para-fortalecer-la-piel-sensibilizada\/","name":"Los Guardianes de la Funci\u00f3n Barrera: Claves para Fortalecer la Piel Sensibilizada - Summecosmetics","isPartOf":{"@id":"https:\/\/summecosmetics.es\/es\/#website"},"primaryImageOfPage":{"@id":"https:\/\/summecosmetics.es\/es\/los-guardianes-de-la-funcion-barrera-claves-para-fortalecer-la-piel-sensibilizada\/#primaryimage"},"image":{"@id":"https:\/\/summecosmetics.es\/es\/los-guardianes-de-la-funcion-barrera-claves-para-fortalecer-la-piel-sensibilizada\/#primaryimage"},"thumbnailUrl":"https:\/\/summecosmetics.es\/wp-content\/uploads\/2026\/01\/Captura-de-Pantalla-2026-01-16-a-las-11.05.59.png","datePublished":"2026-01-19T08:30:58+00:00","breadcrumb":{"@id":"https:\/\/summecosmetics.es\/es\/los-guardianes-de-la-funcion-barrera-claves-para-fortalecer-la-piel-sensibilizada\/#breadcrumb"},"inLanguage":"es","potentialAction":[{"@type":"ReadAction","target":["https:\/\/summecosmetics.es\/es\/los-guardianes-de-la-funcion-barrera-claves-para-fortalecer-la-piel-sensibilizada\/"]}]},{"@type":"ImageObject","inLanguage":"es","@id":"https:\/\/summecosmetics.es\/es\/los-guardianes-de-la-funcion-barrera-claves-para-fortalecer-la-piel-sensibilizada\/#primaryimage","url":"https:\/\/summecosmetics.es\/wp-content\/uploads\/2026\/01\/Captura-de-Pantalla-2026-01-16-a-las-11.05.59.png","contentUrl":"https:\/\/summecosmetics.es\/wp-content\/uploads\/2026\/01\/Captura-de-Pantalla-2026-01-16-a-las-11.05.59.png","width":1800,"height":1006},{"@type":"BreadcrumbList","@id":"https:\/\/summecosmetics.es\/es\/los-guardianes-de-la-funcion-barrera-claves-para-fortalecer-la-piel-sensibilizada\/#breadcrumb","itemListElement":[{"@type":"ListItem","position":1,"name":"Home","item":"https:\/\/summecosmetics.es\/es\/"},{"@type":"ListItem","position":2,"name":"Los Guardianes de la Funci\u00f3n Barrera: Claves para Fortalecer la Piel Sensibilizada"}]},{"@type":"WebSite","@id":"https:\/\/summecosmetics.es\/es\/#website","url":"https:\/\/summecosmetics.es\/es\/","name":"Summecosmetics","description":"","publisher":{"@id":"https:\/\/summecosmetics.es\/es\/#organization"},"potentialAction":[{"@type":"SearchAction","target":{"@type":"EntryPoint","urlTemplate":"https:\/\/summecosmetics.es\/es\/?s={search_term_string}"},"query-input":{"@type":"PropertyValueSpecification","valueRequired":true,"valueName":"search_term_string"}}],"inLanguage":"es"},{"@type":"Organization","@id":"https:\/\/summecosmetics.es\/es\/#organization","name":"Summecosmetics","url":"https:\/\/summecosmetics.es\/es\/","logo":{"@type":"ImageObject","inLanguage":"es","@id":"https:\/\/summecosmetics.es\/es\/#\/schema\/logo\/image\/","url":"https:\/\/summecosmetics.es\/wp-content\/uploads\/2018\/01\/logo_sume_pdf.png","contentUrl":"https:\/\/summecosmetics.es\/wp-content\/uploads\/2018\/01\/logo_sume_pdf.png","width":800,"height":519,"caption":"Summecosmetics"},"image":{"@id":"https:\/\/summecosmetics.es\/es\/#\/schema\/logo\/image\/"},"sameAs":["https:\/\/www.facebook.com\/summecosmetics\/","https:\/\/www.instagram.com\/summecosmetics\/","https:\/\/www.pinterest.es\/summe2010\/","https:\/\/www.youtube.com\/channel\/UCH8VKM8-QvCmbt0n02xSODg"]},{"@type":"Person","@id":"https:\/\/summecosmetics.es\/es\/#\/schema\/person\/759084023f746a61bee60297d3364afb","name":"Social Media"}]}},"_links":{"self":[{"href":"https:\/\/summecosmetics.es\/es\/wp-json\/wp\/v2\/posts\/9949","targetHints":{"allow":["GET"]}}],"collection":[{"href":"https:\/\/summecosmetics.es\/es\/wp-json\/wp\/v2\/posts"}],"about":[{"href":"https:\/\/summecosmetics.es\/es\/wp-json\/wp\/v2\/types\/post"}],"author":[{"embeddable":true,"href":"https:\/\/summecosmetics.es\/es\/wp-json\/wp\/v2\/users\/4"}],"replies":[{"embeddable":true,"href":"https:\/\/summecosmetics.es\/es\/wp-json\/wp\/v2\/comments?post=9949"}],"version-history":[{"count":18,"href":"https:\/\/summecosmetics.es\/es\/wp-json\/wp\/v2\/posts\/9949\/revisions"}],"predecessor-version":[{"id":9978,"href":"https:\/\/summecosmetics.es\/es\/wp-json\/wp\/v2\/posts\/9949\/revisions\/9978"}],"wp:featuredmedia":[{"embeddable":true,"href":"https:\/\/summecosmetics.es\/es\/wp-json\/wp\/v2\/media\/9953"}],"wp:attachment":[{"href":"https:\/\/summecosmetics.es\/es\/wp-json\/wp\/v2\/media?parent=9949"}],"wp:term":[{"taxonomy":"category","embeddable":true,"href":"https:\/\/summecosmetics.es\/es\/wp-json\/wp\/v2\/categories?post=9949"},{"taxonomy":"post_tag","embeddable":true,"href":"https:\/\/summecosmetics.es\/es\/wp-json\/wp\/v2\/tags?post=9949"}],"curies":[{"name":"wp","href":"https:\/\/api.w.org\/{rel}","templated":true}]}}